{"id":1071,"date":"2025-09-17T04:09:08","date_gmt":"2025-09-17T04:09:08","guid":{"rendered":"https:\/\/www.tecnicosenlinea.cl\/blog\/?p=1071"},"modified":"2025-09-17T04:09:08","modified_gmt":"2025-09-17T04:09:08","slug":"openai-revela-que-su-uso-laboral-es-menor-de-lo-esperado","status":"publish","type":"post","link":"https:\/\/www.tecnicosenlinea.cl\/blog\/openai-revela-que-su-uso-laboral-es-menor-de-lo-esperado\/","title":{"rendered":"OPENAI REVELA QUE SU USO LABORAL ES MENOR DE LO ESPERADO"},"content":{"rendered":"<p data-start=\"241\" data-end=\"537\">Durante mucho tiempo se pens\u00f3 que ChatGPT era principalmente una herramienta para el trabajo y la productividad. Sin embargo, un reciente informe de OpenAI demuestra lo contrario: la mayor\u00eda de los usuarios no lo utilizan en contextos laborales, sino para fines personales y de apoyo cotidiano.<\/p>\n<h2 data-start=\"539\" data-end=\"566\">Resultados del estudio<\/h2>\n<p data-start=\"567\" data-end=\"693\">El an\u00e1lisis de <strong data-start=\"582\" data-end=\"644\">1,1 millones de conversaciones de 1,5 millones de usuarios<\/strong> entre mayo de 2024 y junio de 2025 revel\u00f3 que:<\/p>\n<ul data-start=\"694\" data-end=\"971\">\n<li data-start=\"694\" data-end=\"791\">\n<p data-start=\"696\" data-end=\"791\">En <strong data-start=\"699\" data-end=\"788\">junio de 2025, un 73 % de las interacciones no estuvieron relacionadas con el trabajo<\/strong>.<\/p>\n<\/li>\n<li data-start=\"792\" data-end=\"871\">\n<p data-start=\"794\" data-end=\"871\">Los usuarios m\u00e1s activos son j\u00f3venes, especialmente entre <strong data-start=\"852\" data-end=\"868\">18 y 25 a\u00f1os<\/strong>.<\/p>\n<\/li>\n<li data-start=\"872\" data-end=\"971\">\n<p data-start=\"874\" data-end=\"971\">Hay un equilibrio de g\u00e9nero, con un <strong data-start=\"910\" data-end=\"939\">52 % de nombres femeninos<\/strong> registrados en la plataforma.<\/p>\n<\/li>\n<\/ul>\n<h2 data-start=\"973\" data-end=\"1005\">Tipos de uso m\u00e1s frecuentes<\/h2>\n<p data-start=\"1006\" data-end=\"1075\">OpenAI clasific\u00f3 las interacciones en siete categor\u00edas principales:<\/p>\n<ul data-start=\"1077\" data-end=\"1525\">\n<li data-start=\"1077\" data-end=\"1197\">\n<p data-start=\"1079\" data-end=\"1197\"><strong data-start=\"1079\" data-end=\"1103\">Orientaci\u00f3n pr\u00e1ctica<\/strong> (28,3 %): consultas acad\u00e9micas, rutinas de estudio, consejos de entrenamiento, entre otros.<\/p>\n<\/li>\n<li data-start=\"1198\" data-end=\"1247\">\n<p data-start=\"1200\" data-end=\"1247\"><strong data-start=\"1200\" data-end=\"1213\">Escritura<\/strong>: edici\u00f3n y redacci\u00f3n de textos.<\/p>\n<\/li>\n<li data-start=\"1248\" data-end=\"1301\">\n<p data-start=\"1250\" data-end=\"1301\"><strong data-start=\"1250\" data-end=\"1266\">Programaci\u00f3n<\/strong>: solo un <strong data-start=\"1276\" data-end=\"1285\">4,2 %<\/strong> de los casos.<\/p>\n<\/li>\n<li data-start=\"1302\" data-end=\"1381\">\n<p data-start=\"1304\" data-end=\"1381\"><strong data-start=\"1304\" data-end=\"1331\">B\u00fasqueda de informaci\u00f3n<\/strong>: cada vez m\u00e1s se asemeja al uso de un buscador.<\/p>\n<\/li>\n<li data-start=\"1382\" data-end=\"1423\">\n<p data-start=\"1384\" data-end=\"1423\"><strong data-start=\"1384\" data-end=\"1413\">Consultas sobre productos<\/strong>: 2,1 %.<\/p>\n<\/li>\n<li data-start=\"1424\" data-end=\"1473\">\n<p data-start=\"1426\" data-end=\"1473\"><strong data-start=\"1426\" data-end=\"1463\">Consejos personales y reflexiones<\/strong>: 1,9 %.<\/p>\n<\/li>\n<li data-start=\"1474\" data-end=\"1525\">\n<p data-start=\"1476\" data-end=\"1525\"><strong data-start=\"1476\" data-end=\"1515\">Rol l\u00fadico o acompa\u00f1amiento virtual<\/strong>: 0,4 %.<\/p>\n<\/li>\n<\/ul>\n<h2 data-start=\"1527\" data-end=\"1558\">Metodolog\u00eda y limitaciones<\/h2>\n<p data-start=\"1559\" data-end=\"1829\">El estudio fue realizado con modelos internos de OpenAI, sin participaci\u00f3n de revisores humanos ni validaci\u00f3n acad\u00e9mica externa. Los datos demogr\u00e1ficos se obtuvieron del registro voluntario de los usuarios, lo que implica ciertas limitaciones en cuanto a su precisi\u00f3n.<\/p>\n<h2 data-start=\"1831\" data-end=\"1851\">Reflexi\u00f3n final<\/h2>\n<p data-start=\"1852\" data-end=\"2252\">Este informe deja en evidencia que, aunque ChatGPT es visto como una herramienta de productividad, en la pr\u00e1ctica est\u00e1 siendo utilizado con mayor frecuencia como apoyo en actividades personales, educativas y recreativas. Un ejemplo claro es que cada vez m\u00e1s estudiantes lo consultan para resolver dudas o mejorar su rendimiento acad\u00e9mico, en lugar de usarlo \u00fanicamente como herramienta profesional.<\/p>\n<div class=\"fb-background-color\">\n\t\t\t  <div \n\t\t\t  \tclass = \"fb-comments\" \n\t\t\t  \tdata-href = \"https:\/\/www.tecnicosenlinea.cl\/blog\/openai-revela-que-su-uso-laboral-es-menor-de-lo-esperado\/\"\n\t\t\t  \tdata-numposts = \"10\"\n\t\t\t  \tdata-lazy = \"true\"\n\t\t\t\tdata-colorscheme = \"light\"\n\t\t\t\tdata-order-by = \"social\"\n\t\t\t\tdata-mobile=true>\n\t\t\t  <\/div><\/div>\n\t\t  <style>\n\t\t    .fb-background-color {\n\t\t\t\tbackground:  !important;\n\t\t\t}\n\t\t\t.fb_iframe_widget_fluid_desktop iframe {\n\t\t\t    width: 100% !important;\n\t\t\t}\n\t\t  <\/style>\n\t\t  ","protected":false},"excerpt":{"rendered":"<p>Durante mucho tiempo se pens\u00f3 que ChatGPT era principalmente una herramienta para el trabajo y la productividad. Sin embargo, un reciente informe de OpenAI demuestra lo contrario: la mayor\u00eda de &hellip; <a href=\"https:\/\/www.tecnicosenlinea.cl\/blog\/openai-revela-que-su-uso-laboral-es-menor-de-lo-esperado\/\" class=\"more-link\">Leer m\u00e1s<\/a><\/p>\n","protected":false},"author":1,"featured_media":1072,"comment_status":"closed","ping_status":"closed","sticky":false,"template":"","format":"standard","meta":{"footnotes":""},"categories":[1],"tags":[527,438,401,528,267,529],"class_list":["post-1071","post","type-post","status-publish","format-standard","has-post-thumbnail","hentry","category-noticias","tag-chatgpt","tag-inteligencia-artificial","tag-openai","tag-productividad","tag-tecnologia-2","tag-usos-de-la-ia","entry"],"yoast_head":"<!-- This site is optimized with the Yoast SEO plugin v26.9 - https:\/\/yoast.com\/product\/yoast-seo-wordpress\/ -->\n<title>OPENAI REVELA QUE SU USO LABORAL ES MENOR DE LO ESPERADO<\/title>\n<meta name=\"robots\" content=\"index, follow, max-snippet:-1, max-image-preview:large, max-video-preview:-1\" \/>\n<link rel=\"canonical\" href=\"https:\/\/www.tecnicosenlinea.cl\/blog\/openai-revela-que-su-uso-laboral-es-menor-de-lo-esperado\/\" \/>\n<meta property=\"og:locale\" content=\"es_ES\" \/>\n<meta property=\"og:type\" content=\"article\" \/>\n<meta property=\"og:title\" content=\"OPENAI REVELA QUE SU USO LABORAL ES MENOR DE LO ESPERADO\" \/>\n<meta property=\"og:description\" content=\"Durante mucho tiempo se pens\u00f3 que ChatGPT era principalmente una herramienta para el trabajo y la productividad. Sin embargo, un reciente informe de OpenAI demuestra lo contrario: la mayor\u00eda de &hellip; Leer m\u00e1s\" \/>\n<meta property=\"og:url\" content=\"https:\/\/www.tecnicosenlinea.cl\/blog\/openai-revela-que-su-uso-laboral-es-menor-de-lo-esperado\/\" \/>\n<meta property=\"og:site_name\" content=\"Tecnicosenlinea.cl\" \/>\n<meta property=\"article:publisher\" content=\"https:\/\/www.facebook.com\/royarzunm\" \/>\n<meta property=\"article:author\" content=\"https:\/\/www.facebook.com\/royarzunm\" \/>\n<meta property=\"article:published_time\" content=\"2025-09-17T04:09:08+00:00\" \/>\n<meta property=\"og:image\" content=\"https:\/\/www.tecnicosenlinea.cl\/blog\/wp-content\/uploads\/2025\/09\/gpt.webp\" \/>\n\t<meta property=\"og:image:width\" content=\"1312\" \/>\n\t<meta property=\"og:image:height\" content=\"736\" \/>\n\t<meta property=\"og:image:type\" content=\"image\/webp\" \/>\n<meta name=\"author\" content=\"Rodrigo Oyarz\u00fan\" \/>\n<meta name=\"twitter:card\" content=\"summary_large_image\" \/>\n<meta name=\"twitter:creator\" content=\"@rooyarzunm\" \/>\n<meta name=\"twitter:site\" content=\"@rooyarzunm\" \/>\n<meta name=\"twitter:label1\" content=\"Escrito por\" \/>\n\t<meta name=\"twitter:data1\" content=\"Rodrigo Oyarz\u00fan\" \/>\n\t<meta name=\"twitter:label2\" content=\"Tiempo de lectura\" \/>\n\t<meta name=\"twitter:data2\" content=\"2 minutos\" \/>\n<script type=\"application\/ld+json\" class=\"yoast-schema-graph\">{\"@context\":\"https:\/\/schema.org\",\"@graph\":[{\"@type\":\"Article\",\"@id\":\"https:\/\/www.tecnicosenlinea.cl\/blog\/openai-revela-que-su-uso-laboral-es-menor-de-lo-esperado\/#article\",\"isPartOf\":{\"@id\":\"https:\/\/www.tecnicosenlinea.cl\/blog\/openai-revela-que-su-uso-laboral-es-menor-de-lo-esperado\/\"},\"author\":{\"name\":\"Rodrigo Oyarz\u00fan\",\"@id\":\"https:\/\/www.tecnicosenlinea.cl\/blog\/#\/schema\/person\/8783436f650aae99ed2a6edb66eda9dd\"},\"headline\":\"OPENAI REVELA QUE SU USO LABORAL ES MENOR DE LO ESPERADO\",\"datePublished\":\"2025-09-17T04:09:08+00:00\",\"mainEntityOfPage\":{\"@id\":\"https:\/\/www.tecnicosenlinea.cl\/blog\/openai-revela-que-su-uso-laboral-es-menor-de-lo-esperado\/\"},\"wordCount\":309,\"publisher\":{\"@id\":\"https:\/\/www.tecnicosenlinea.cl\/blog\/#\/schema\/person\/8783436f650aae99ed2a6edb66eda9dd\"},\"image\":{\"@id\":\"https:\/\/www.tecnicosenlinea.cl\/blog\/openai-revela-que-su-uso-laboral-es-menor-de-lo-esperado\/#primaryimage\"},\"thumbnailUrl\":\"https:\/\/www.tecnicosenlinea.cl\/blog\/wp-content\/uploads\/2025\/09\/gpt.webp\",\"keywords\":[\"ChatGPT\",\"inteligencia artificial\",\"OpenAI\",\"Productividad\",\"tecnolog\u00eda\",\"Usos de la IA\"],\"articleSection\":[\"Noticias\"],\"inLanguage\":\"es\"},{\"@type\":\"WebPage\",\"@id\":\"https:\/\/www.tecnicosenlinea.cl\/blog\/openai-revela-que-su-uso-laboral-es-menor-de-lo-esperado\/\",\"url\":\"https:\/\/www.tecnicosenlinea.cl\/blog\/openai-revela-que-su-uso-laboral-es-menor-de-lo-esperado\/\",\"name\":\"OPENAI REVELA QUE SU USO LABORAL ES MENOR DE LO ESPERADO\",\"isPartOf\":{\"@id\":\"https:\/\/www.tecnicosenlinea.cl\/blog\/#website\"},\"primaryImageOfPage\":{\"@id\":\"https:\/\/www.tecnicosenlinea.cl\/blog\/openai-revela-que-su-uso-laboral-es-menor-de-lo-esperado\/#primaryimage\"},\"image\":{\"@id\":\"https:\/\/www.tecnicosenlinea.cl\/blog\/openai-revela-que-su-uso-laboral-es-menor-de-lo-esperado\/#primaryimage\"},\"thumbnailUrl\":\"https:\/\/www.tecnicosenlinea.cl\/blog\/wp-content\/uploads\/2025\/09\/gpt.webp\",\"datePublished\":\"2025-09-17T04:09:08+00:00\",\"breadcrumb\":{\"@id\":\"https:\/\/www.tecnicosenlinea.cl\/blog\/openai-revela-que-su-uso-laboral-es-menor-de-lo-esperado\/#breadcrumb\"},\"inLanguage\":\"es\",\"potentialAction\":[{\"@type\":\"ReadAction\",\"target\":[\"https:\/\/www.tecnicosenlinea.cl\/blog\/openai-revela-que-su-uso-laboral-es-menor-de-lo-esperado\/\"]}]},{\"@type\":\"ImageObject\",\"inLanguage\":\"es\",\"@id\":\"https:\/\/www.tecnicosenlinea.cl\/blog\/openai-revela-que-su-uso-laboral-es-menor-de-lo-esperado\/#primaryimage\",\"url\":\"https:\/\/www.tecnicosenlinea.cl\/blog\/wp-content\/uploads\/2025\/09\/gpt.webp\",\"contentUrl\":\"https:\/\/www.tecnicosenlinea.cl\/blog\/wp-content\/uploads\/2025\/09\/gpt.webp\",\"width\":1312,\"height\":736},{\"@type\":\"BreadcrumbList\",\"@id\":\"https:\/\/www.tecnicosenlinea.cl\/blog\/openai-revela-que-su-uso-laboral-es-menor-de-lo-esperado\/#breadcrumb\",\"itemListElement\":[{\"@type\":\"ListItem\",\"position\":1,\"name\":\"Portada\",\"item\":\"https:\/\/www.tecnicosenlinea.cl\/blog\/\"},{\"@type\":\"ListItem\",\"position\":2,\"name\":\"OPENAI REVELA QUE SU USO LABORAL ES MENOR DE LO ESPERADO\"}]},{\"@type\":\"WebSite\",\"@id\":\"https:\/\/www.tecnicosenlinea.cl\/blog\/#website\",\"url\":\"https:\/\/www.tecnicosenlinea.cl\/blog\/\",\"name\":\"Tecnicosenlinea.cl\",\"description\":\"Softwares Gratis - Antivirus - AntiMalwares -  Seguridad en Redes - Descargas - Cms  - Dvr - Tutoriales\",\"publisher\":{\"@id\":\"https:\/\/www.tecnicosenlinea.cl\/blog\/#\/schema\/person\/8783436f650aae99ed2a6edb66eda9dd\"},\"potentialAction\":[{\"@type\":\"SearchAction\",\"target\":{\"@type\":\"EntryPoint\",\"urlTemplate\":\"https:\/\/www.tecnicosenlinea.cl\/blog\/?s={search_term_string}\"},\"query-input\":{\"@type\":\"PropertyValueSpecification\",\"valueRequired\":true,\"valueName\":\"search_term_string\"}}],\"inLanguage\":\"es\"},{\"@type\":[\"Person\",\"Organization\"],\"@id\":\"https:\/\/www.tecnicosenlinea.cl\/blog\/#\/schema\/person\/8783436f650aae99ed2a6edb66eda9dd\",\"name\":\"Rodrigo Oyarz\u00fan\",\"image\":{\"@type\":\"ImageObject\",\"inLanguage\":\"es\",\"@id\":\"https:\/\/www.tecnicosenlinea.cl\/blog\/#\/schema\/person\/image\/\",\"url\":\"https:\/\/www.tecnicosenlinea.cl\/blog\/wp-content\/uploads\/2019\/01\/LOGO.png\",\"contentUrl\":\"https:\/\/www.tecnicosenlinea.cl\/blog\/wp-content\/uploads\/2019\/01\/LOGO.png\",\"width\":602,\"height\":184,\"caption\":\"Rodrigo Oyarz\u00fan\"},\"logo\":{\"@id\":\"https:\/\/www.tecnicosenlinea.cl\/blog\/#\/schema\/person\/image\/\"},\"sameAs\":[\"http:\/\/www.server-chile.net\",\"https:\/\/www.facebook.com\/royarzunm\",\"https:\/\/www.instagram.com\/royarzunm\/\",\"https:\/\/www.linkedin.com\/in\/rodrigo-mrquez-bb531791\/\",\"https:\/\/x.com\/rooyarzunm\"],\"url\":\"https:\/\/www.tecnicosenlinea.cl\/blog\/author\/rodrigo\/\"}]}<\/script>\n<!-- \/ Yoast SEO plugin. -->","yoast_head_json":{"title":"OPENAI REVELA QUE SU USO LABORAL ES MENOR DE LO ESPERADO","robots":{"index":"index","follow":"follow","max-snippet":"max-snippet:-1","max-image-preview":"max-image-preview:large","max-video-preview":"max-video-preview:-1"},"canonical":"https:\/\/www.tecnicosenlinea.cl\/blog\/openai-revela-que-su-uso-laboral-es-menor-de-lo-esperado\/","og_locale":"es_ES","og_type":"article","og_title":"OPENAI REVELA QUE SU USO LABORAL ES MENOR DE LO ESPERADO","og_description":"Durante mucho tiempo se pens\u00f3 que ChatGPT era principalmente una herramienta para el trabajo y la productividad. Sin embargo, un reciente informe de OpenAI demuestra lo contrario: la mayor\u00eda de &hellip; Leer m\u00e1s","og_url":"https:\/\/www.tecnicosenlinea.cl\/blog\/openai-revela-que-su-uso-laboral-es-menor-de-lo-esperado\/","og_site_name":"Tecnicosenlinea.cl","article_publisher":"https:\/\/www.facebook.com\/royarzunm","article_author":"https:\/\/www.facebook.com\/royarzunm","article_published_time":"2025-09-17T04:09:08+00:00","og_image":[{"width":1312,"height":736,"url":"https:\/\/www.tecnicosenlinea.cl\/blog\/wp-content\/uploads\/2025\/09\/gpt.webp","type":"image\/webp"}],"author":"Rodrigo Oyarz\u00fan","twitter_card":"summary_large_image","twitter_creator":"@rooyarzunm","twitter_site":"@rooyarzunm","twitter_misc":{"Escrito por":"Rodrigo Oyarz\u00fan","Tiempo de lectura":"2 minutos"},"schema":{"@context":"https:\/\/schema.org","@graph":[{"@type":"Article","@id":"https:\/\/www.tecnicosenlinea.cl\/blog\/openai-revela-que-su-uso-laboral-es-menor-de-lo-esperado\/#article","isPartOf":{"@id":"https:\/\/www.tecnicosenlinea.cl\/blog\/openai-revela-que-su-uso-laboral-es-menor-de-lo-esperado\/"},"author":{"name":"Rodrigo Oyarz\u00fan","@id":"https:\/\/www.tecnicosenlinea.cl\/blog\/#\/schema\/person\/8783436f650aae99ed2a6edb66eda9dd"},"headline":"OPENAI REVELA QUE SU USO LABORAL ES MENOR DE LO ESPERADO","datePublished":"2025-09-17T04:09:08+00:00","mainEntityOfPage":{"@id":"https:\/\/www.tecnicosenlinea.cl\/blog\/openai-revela-que-su-uso-laboral-es-menor-de-lo-esperado\/"},"wordCount":309,"publisher":{"@id":"https:\/\/www.tecnicosenlinea.cl\/blog\/#\/schema\/person\/8783436f650aae99ed2a6edb66eda9dd"},"image":{"@id":"https:\/\/www.tecnicosenlinea.cl\/blog\/openai-revela-que-su-uso-laboral-es-menor-de-lo-esperado\/#primaryimage"},"thumbnailUrl":"https:\/\/www.tecnicosenlinea.cl\/blog\/wp-content\/uploads\/2025\/09\/gpt.webp","keywords":["ChatGPT","inteligencia artificial","OpenAI","Productividad","tecnolog\u00eda","Usos de la IA"],"articleSection":["Noticias"],"inLanguage":"es"},{"@type":"WebPage","@id":"https:\/\/www.tecnicosenlinea.cl\/blog\/openai-revela-que-su-uso-laboral-es-menor-de-lo-esperado\/","url":"https:\/\/www.tecnicosenlinea.cl\/blog\/openai-revela-que-su-uso-laboral-es-menor-de-lo-esperado\/","name":"OPENAI REVELA QUE SU USO LABORAL ES MENOR DE LO ESPERADO","isPartOf":{"@id":"https:\/\/www.tecnicosenlinea.cl\/blog\/#website"},"primaryImageOfPage":{"@id":"https:\/\/www.tecnicosenlinea.cl\/blog\/openai-revela-que-su-uso-laboral-es-menor-de-lo-esperado\/#primaryimage"},"image":{"@id":"https:\/\/www.tecnicosenlinea.cl\/blog\/openai-revela-que-su-uso-laboral-es-menor-de-lo-esperado\/#primaryimage"},"thumbnailUrl":"https:\/\/www.tecnicosenlinea.cl\/blog\/wp-content\/uploads\/2025\/09\/gpt.webp","datePublished":"2025-09-17T04:09:08+00:00","breadcrumb":{"@id":"https:\/\/www.tecnicosenlinea.cl\/blog\/openai-revela-que-su-uso-laboral-es-menor-de-lo-esperado\/#breadcrumb"},"inLanguage":"es","potentialAction":[{"@type":"ReadAction","target":["https:\/\/www.tecnicosenlinea.cl\/blog\/openai-revela-que-su-uso-laboral-es-menor-de-lo-esperado\/"]}]},{"@type":"ImageObject","inLanguage":"es","@id":"https:\/\/www.tecnicosenlinea.cl\/blog\/openai-revela-que-su-uso-laboral-es-menor-de-lo-esperado\/#primaryimage","url":"https:\/\/www.tecnicosenlinea.cl\/blog\/wp-content\/uploads\/2025\/09\/gpt.webp","contentUrl":"https:\/\/www.tecnicosenlinea.cl\/blog\/wp-content\/uploads\/2025\/09\/gpt.webp","width":1312,"height":736},{"@type":"BreadcrumbList","@id":"https:\/\/www.tecnicosenlinea.cl\/blog\/openai-revela-que-su-uso-laboral-es-menor-de-lo-esperado\/#breadcrumb","itemListElement":[{"@type":"ListItem","position":1,"name":"Portada","item":"https:\/\/www.tecnicosenlinea.cl\/blog\/"},{"@type":"ListItem","position":2,"name":"OPENAI REVELA QUE SU USO LABORAL ES MENOR DE LO ESPERADO"}]},{"@type":"WebSite","@id":"https:\/\/www.tecnicosenlinea.cl\/blog\/#website","url":"https:\/\/www.tecnicosenlinea.cl\/blog\/","name":"Tecnicosenlinea.cl","description":"Softwares Gratis - Antivirus - AntiMalwares -  Seguridad en Redes - Descargas - Cms  - Dvr - Tutoriales","publisher":{"@id":"https:\/\/www.tecnicosenlinea.cl\/blog\/#\/schema\/person\/8783436f650aae99ed2a6edb66eda9dd"},"potentialAction":[{"@type":"SearchAction","target":{"@type":"EntryPoint","urlTemplate":"https:\/\/www.tecnicosenlinea.cl\/blog\/?s={search_term_string}"},"query-input":{"@type":"PropertyValueSpecification","valueRequired":true,"valueName":"search_term_string"}}],"inLanguage":"es"},{"@type":["Person","Organization"],"@id":"https:\/\/www.tecnicosenlinea.cl\/blog\/#\/schema\/person\/8783436f650aae99ed2a6edb66eda9dd","name":"Rodrigo Oyarz\u00fan","image":{"@type":"ImageObject","inLanguage":"es","@id":"https:\/\/www.tecnicosenlinea.cl\/blog\/#\/schema\/person\/image\/","url":"https:\/\/www.tecnicosenlinea.cl\/blog\/wp-content\/uploads\/2019\/01\/LOGO.png","contentUrl":"https:\/\/www.tecnicosenlinea.cl\/blog\/wp-content\/uploads\/2019\/01\/LOGO.png","width":602,"height":184,"caption":"Rodrigo Oyarz\u00fan"},"logo":{"@id":"https:\/\/www.tecnicosenlinea.cl\/blog\/#\/schema\/person\/image\/"},"sameAs":["http:\/\/www.server-chile.net","https:\/\/www.facebook.com\/royarzunm","https:\/\/www.instagram.com\/royarzunm\/","https:\/\/www.linkedin.com\/in\/rodrigo-mrquez-bb531791\/","https:\/\/x.com\/rooyarzunm"],"url":"https:\/\/www.tecnicosenlinea.cl\/blog\/author\/rodrigo\/"}]}},"_links":{"self":[{"href":"https:\/\/www.tecnicosenlinea.cl\/blog\/wp-json\/wp\/v2\/posts\/1071","targetHints":{"allow":["GET"]}}],"collection":[{"href":"https:\/\/www.tecnicosenlinea.cl\/blog\/wp-json\/wp\/v2\/posts"}],"about":[{"href":"https:\/\/www.tecnicosenlinea.cl\/blog\/wp-json\/wp\/v2\/types\/post"}],"author":[{"embeddable":true,"href":"https:\/\/www.tecnicosenlinea.cl\/blog\/wp-json\/wp\/v2\/users\/1"}],"replies":[{"embeddable":true,"href":"https:\/\/www.tecnicosenlinea.cl\/blog\/wp-json\/wp\/v2\/comments?post=1071"}],"version-history":[{"count":0,"href":"https:\/\/www.tecnicosenlinea.cl\/blog\/wp-json\/wp\/v2\/posts\/1071\/revisions"}],"wp:featuredmedia":[{"embeddable":true,"href":"https:\/\/www.tecnicosenlinea.cl\/blog\/wp-json\/wp\/v2\/media\/1072"}],"wp:attachment":[{"href":"https:\/\/www.tecnicosenlinea.cl\/blog\/wp-json\/wp\/v2\/media?parent=1071"}],"wp:term":[{"taxonomy":"category","embeddable":true,"href":"https:\/\/www.tecnicosenlinea.cl\/blog\/wp-json\/wp\/v2\/categories?post=1071"},{"taxonomy":"post_tag","embeddable":true,"href":"https:\/\/www.tecnicosenlinea.cl\/blog\/wp-json\/wp\/v2\/tags?post=1071"}],"curies":[{"name":"wp","href":"https:\/\/api.w.org\/{rel}","templated":true}]}}