{"id":1009,"date":"2024-07-19T13:31:13","date_gmt":"2024-07-19T13:31:13","guid":{"rendered":"https:\/\/www.tecnicosenlinea.cl\/blog\/?p=1009"},"modified":"2024-07-19T13:31:13","modified_gmt":"2024-07-19T13:31:13","slug":"caida-de-microsoft-afecta-a-companias-a-nivel-mundial","status":"publish","type":"post","link":"https:\/\/www.tecnicosenlinea.cl\/blog\/caida-de-microsoft-afecta-a-companias-a-nivel-mundial\/","title":{"rendered":"CA\u00cdDA DE MICROSOFT AFECTA A COMPA\u00d1\u00cdAS A NIVEL MUNDIAL"},"content":{"rendered":"<p>El 19 de julio de 2024, un fallo en los servicios de Microsoft Azure caus\u00f3 una interrupci\u00f3n significativa que afect\u00f3 a numerosas empresas en todo el mundo. Este incidente se origin\u00f3 por una actualizaci\u00f3n defectuosa de la plataforma de seguridad CrowdStrike, utilizada por Microsoft. Entre los sectores m\u00e1s afectados se encuentran el aeron\u00e1utico, financiero y de medios de comunicaci\u00f3n en pa\u00edses como Estados Unidos, Alemania, Espa\u00f1a y Australia. La aerol\u00ednea Latam advirti\u00f3 sobre posibles retrasos en sus vuelos debido a esta situaci\u00f3n.<\/p>\n<h4>Impacto Global<\/h4>\n<p>Empresas de diversas industrias experimentaron problemas operativos graves. En el sector a\u00e9reo, varios aeropuertos reportaron demoras y cancelaciones de vuelos, lo que gener\u00f3 un caos significativo para los pasajeros. En el \u00e1mbito financiero, bancos y otras instituciones enfrentaron dificultades en sus transacciones y sistemas internos. Los medios de comunicaci\u00f3n tambi\u00e9n vieron interrumpidas sus operaciones, afectando la transmisi\u00f3n de noticias y otros contenidos.<\/p>\n<h4>Respuesta de Microsoft y CrowdStrike<\/h4>\n<p>Microsoft y CrowdStrike trabajaron conjuntamente para identificar y solucionar el problema. La actualizaci\u00f3n defectuosa fue revertida, y los equipos t\u00e9cnicos se enfocaron en restaurar la funcionalidad completa de los servicios afectados. Sin embargo, el proceso de recuperaci\u00f3n fue lento, y algunas compa\u00f1\u00edas continuaron experimentando inconvenientes durante varias horas.<\/p>\n<h4>Prevenci\u00f3n y Lecciones Aprendidas<\/h4>\n<p>Este incidente destaca la importancia de tener planes de contingencia robustos y sistemas de respaldo eficientes. Las empresas deben evaluar continuamente sus estrategias de ciberseguridad y asegurarse de que sus proveedores de servicios implementen controles rigurosos para evitar futuros fallos.<\/p>\n<div class=\"fb-background-color\">\n\t\t\t  <div \n\t\t\t  \tclass = \"fb-comments\" \n\t\t\t  \tdata-href = \"https:\/\/www.tecnicosenlinea.cl\/blog\/caida-de-microsoft-afecta-a-companias-a-nivel-mundial\/\"\n\t\t\t  \tdata-numposts = \"10\"\n\t\t\t  \tdata-lazy = \"true\"\n\t\t\t\tdata-colorscheme = \"light\"\n\t\t\t\tdata-order-by = \"social\"\n\t\t\t\tdata-mobile=true>\n\t\t\t  <\/div><\/div>\n\t\t  <style>\n\t\t    .fb-background-color {\n\t\t\t\tbackground:  !important;\n\t\t\t}\n\t\t\t.fb_iframe_widget_fluid_desktop iframe {\n\t\t\t    width: 100% !important;\n\t\t\t}\n\t\t  <\/style>\n\t\t  ","protected":false},"excerpt":{"rendered":"<p>El 19 de julio de 2024, un fallo en los servicios de Microsoft Azure caus\u00f3 una interrupci\u00f3n significativa que afect\u00f3 a numerosas empresas en todo el mundo. Este incidente se &hellip; <a href=\"https:\/\/www.tecnicosenlinea.cl\/blog\/caida-de-microsoft-afecta-a-companias-a-nivel-mundial\/\" class=\"more-link\">Leer m\u00e1s<\/a><\/p>\n","protected":false},"author":1,"featured_media":1010,"comment_status":"closed","ping_status":"closed","sticky":false,"template":"","format":"standard","meta":{"footnotes":""},"categories":[1,78],"tags":[468,466,463,467,464,361,469,356,465],"class_list":["post-1009","post","type-post","status-publish","format-standard","has-post-thumbnail","hentry","category-noticias","category-tecnologia","tag-actualizacion-microsoft","tag-aeropuertos","tag-azure","tag-bancos","tag-caida-mundial","tag-ciberseguridad","tag-crowdstrike","tag-microsoft","tag-servicios","entry"],"yoast_head":"<!-- This site is optimized with the Yoast SEO plugin v26.9 - https:\/\/yoast.com\/product\/yoast-seo-wordpress\/ -->\n<title>CA\u00cdDA DE MICROSOFT AFECTA A COMPA\u00d1\u00cdAS A NIVEL MUNDIAL<\/title>\n<meta name=\"robots\" content=\"index, follow, max-snippet:-1, max-image-preview:large, max-video-preview:-1\" \/>\n<link rel=\"canonical\" href=\"https:\/\/www.tecnicosenlinea.cl\/blog\/caida-de-microsoft-afecta-a-companias-a-nivel-mundial\/\" \/>\n<meta property=\"og:locale\" content=\"es_ES\" \/>\n<meta property=\"og:type\" content=\"article\" \/>\n<meta property=\"og:title\" content=\"CA\u00cdDA DE MICROSOFT AFECTA A COMPA\u00d1\u00cdAS A NIVEL MUNDIAL\" \/>\n<meta property=\"og:description\" content=\"El 19 de julio de 2024, un fallo en los servicios de Microsoft Azure caus\u00f3 una interrupci\u00f3n significativa que afect\u00f3 a numerosas empresas en todo el mundo. Este incidente se &hellip; Leer m\u00e1s\" \/>\n<meta property=\"og:url\" content=\"https:\/\/www.tecnicosenlinea.cl\/blog\/caida-de-microsoft-afecta-a-companias-a-nivel-mundial\/\" \/>\n<meta property=\"og:site_name\" content=\"Tecnicosenlinea.cl\" \/>\n<meta property=\"article:publisher\" content=\"https:\/\/www.facebook.com\/royarzunm\" \/>\n<meta property=\"article:author\" content=\"https:\/\/www.facebook.com\/royarzunm\" \/>\n<meta property=\"article:published_time\" content=\"2024-07-19T13:31:13+00:00\" \/>\n<meta property=\"og:image\" content=\"https:\/\/www.tecnicosenlinea.cl\/blog\/wp-content\/uploads\/2024\/07\/MS_azure.jpeg\" \/>\n\t<meta property=\"og:image:width\" content=\"1280\" \/>\n\t<meta property=\"og:image:height\" content=\"720\" \/>\n\t<meta property=\"og:image:type\" content=\"image\/jpeg\" \/>\n<meta name=\"author\" content=\"Rodrigo Oyarz\u00fan\" \/>\n<meta name=\"twitter:card\" content=\"summary_large_image\" \/>\n<meta name=\"twitter:creator\" content=\"@rooyarzunm\" \/>\n<meta name=\"twitter:site\" content=\"@rooyarzunm\" \/>\n<meta name=\"twitter:label1\" content=\"Escrito por\" \/>\n\t<meta name=\"twitter:data1\" content=\"Rodrigo Oyarz\u00fan\" \/>\n\t<meta name=\"twitter:label2\" content=\"Tiempo de lectura\" \/>\n\t<meta name=\"twitter:data2\" content=\"2 minutos\" \/>\n<script type=\"application\/ld+json\" class=\"yoast-schema-graph\">{\"@context\":\"https:\/\/schema.org\",\"@graph\":[{\"@type\":\"Article\",\"@id\":\"https:\/\/www.tecnicosenlinea.cl\/blog\/caida-de-microsoft-afecta-a-companias-a-nivel-mundial\/#article\",\"isPartOf\":{\"@id\":\"https:\/\/www.tecnicosenlinea.cl\/blog\/caida-de-microsoft-afecta-a-companias-a-nivel-mundial\/\"},\"author\":{\"name\":\"Rodrigo Oyarz\u00fan\",\"@id\":\"https:\/\/www.tecnicosenlinea.cl\/blog\/#\/schema\/person\/8783436f650aae99ed2a6edb66eda9dd\"},\"headline\":\"CA\u00cdDA DE MICROSOFT AFECTA A COMPA\u00d1\u00cdAS A NIVEL MUNDIAL\",\"datePublished\":\"2024-07-19T13:31:13+00:00\",\"mainEntityOfPage\":{\"@id\":\"https:\/\/www.tecnicosenlinea.cl\/blog\/caida-de-microsoft-afecta-a-companias-a-nivel-mundial\/\"},\"wordCount\":270,\"publisher\":{\"@id\":\"https:\/\/www.tecnicosenlinea.cl\/blog\/#\/schema\/person\/8783436f650aae99ed2a6edb66eda9dd\"},\"image\":{\"@id\":\"https:\/\/www.tecnicosenlinea.cl\/blog\/caida-de-microsoft-afecta-a-companias-a-nivel-mundial\/#primaryimage\"},\"thumbnailUrl\":\"https:\/\/www.tecnicosenlinea.cl\/blog\/wp-content\/uploads\/2024\/07\/MS_azure.jpeg\",\"keywords\":[\"ACTUALIZACION MICROSOFT\",\"AEROPUERTOS\",\"AZURE\",\"BANCOS\",\"CAIDA MUNDIAL\",\"ciberseguridad\",\"CROWDSTRIKE\",\"MICROSOFT\",\"SERVICIOS\"],\"articleSection\":[\"Noticias\",\"Tecnolog\u00eda\"],\"inLanguage\":\"es\"},{\"@type\":\"WebPage\",\"@id\":\"https:\/\/www.tecnicosenlinea.cl\/blog\/caida-de-microsoft-afecta-a-companias-a-nivel-mundial\/\",\"url\":\"https:\/\/www.tecnicosenlinea.cl\/blog\/caida-de-microsoft-afecta-a-companias-a-nivel-mundial\/\",\"name\":\"CA\u00cdDA DE MICROSOFT AFECTA A COMPA\u00d1\u00cdAS A NIVEL MUNDIAL\",\"isPartOf\":{\"@id\":\"https:\/\/www.tecnicosenlinea.cl\/blog\/#website\"},\"primaryImageOfPage\":{\"@id\":\"https:\/\/www.tecnicosenlinea.cl\/blog\/caida-de-microsoft-afecta-a-companias-a-nivel-mundial\/#primaryimage\"},\"image\":{\"@id\":\"https:\/\/www.tecnicosenlinea.cl\/blog\/caida-de-microsoft-afecta-a-companias-a-nivel-mundial\/#primaryimage\"},\"thumbnailUrl\":\"https:\/\/www.tecnicosenlinea.cl\/blog\/wp-content\/uploads\/2024\/07\/MS_azure.jpeg\",\"datePublished\":\"2024-07-19T13:31:13+00:00\",\"breadcrumb\":{\"@id\":\"https:\/\/www.tecnicosenlinea.cl\/blog\/caida-de-microsoft-afecta-a-companias-a-nivel-mundial\/#breadcrumb\"},\"inLanguage\":\"es\",\"potentialAction\":[{\"@type\":\"ReadAction\",\"target\":[\"https:\/\/www.tecnicosenlinea.cl\/blog\/caida-de-microsoft-afecta-a-companias-a-nivel-mundial\/\"]}]},{\"@type\":\"ImageObject\",\"inLanguage\":\"es\",\"@id\":\"https:\/\/www.tecnicosenlinea.cl\/blog\/caida-de-microsoft-afecta-a-companias-a-nivel-mundial\/#primaryimage\",\"url\":\"https:\/\/www.tecnicosenlinea.cl\/blog\/wp-content\/uploads\/2024\/07\/MS_azure.jpeg\",\"contentUrl\":\"https:\/\/www.tecnicosenlinea.cl\/blog\/wp-content\/uploads\/2024\/07\/MS_azure.jpeg\",\"width\":1280,\"height\":720},{\"@type\":\"BreadcrumbList\",\"@id\":\"https:\/\/www.tecnicosenlinea.cl\/blog\/caida-de-microsoft-afecta-a-companias-a-nivel-mundial\/#breadcrumb\",\"itemListElement\":[{\"@type\":\"ListItem\",\"position\":1,\"name\":\"Portada\",\"item\":\"https:\/\/www.tecnicosenlinea.cl\/blog\/\"},{\"@type\":\"ListItem\",\"position\":2,\"name\":\"CA\u00cdDA DE MICROSOFT AFECTA A COMPA\u00d1\u00cdAS A NIVEL MUNDIAL\"}]},{\"@type\":\"WebSite\",\"@id\":\"https:\/\/www.tecnicosenlinea.cl\/blog\/#website\",\"url\":\"https:\/\/www.tecnicosenlinea.cl\/blog\/\",\"name\":\"Tecnicosenlinea.cl\",\"description\":\"Softwares Gratis - Antivirus - AntiMalwares -  Seguridad en Redes - Descargas - Cms  - Dvr - Tutoriales\",\"publisher\":{\"@id\":\"https:\/\/www.tecnicosenlinea.cl\/blog\/#\/schema\/person\/8783436f650aae99ed2a6edb66eda9dd\"},\"potentialAction\":[{\"@type\":\"SearchAction\",\"target\":{\"@type\":\"EntryPoint\",\"urlTemplate\":\"https:\/\/www.tecnicosenlinea.cl\/blog\/?s={search_term_string}\"},\"query-input\":{\"@type\":\"PropertyValueSpecification\",\"valueRequired\":true,\"valueName\":\"search_term_string\"}}],\"inLanguage\":\"es\"},{\"@type\":[\"Person\",\"Organization\"],\"@id\":\"https:\/\/www.tecnicosenlinea.cl\/blog\/#\/schema\/person\/8783436f650aae99ed2a6edb66eda9dd\",\"name\":\"Rodrigo Oyarz\u00fan\",\"image\":{\"@type\":\"ImageObject\",\"inLanguage\":\"es\",\"@id\":\"https:\/\/www.tecnicosenlinea.cl\/blog\/#\/schema\/person\/image\/\",\"url\":\"https:\/\/www.tecnicosenlinea.cl\/blog\/wp-content\/uploads\/2019\/01\/LOGO.png\",\"contentUrl\":\"https:\/\/www.tecnicosenlinea.cl\/blog\/wp-content\/uploads\/2019\/01\/LOGO.png\",\"width\":602,\"height\":184,\"caption\":\"Rodrigo Oyarz\u00fan\"},\"logo\":{\"@id\":\"https:\/\/www.tecnicosenlinea.cl\/blog\/#\/schema\/person\/image\/\"},\"sameAs\":[\"http:\/\/www.server-chile.net\",\"https:\/\/www.facebook.com\/royarzunm\",\"https:\/\/www.instagram.com\/royarzunm\/\",\"https:\/\/www.linkedin.com\/in\/rodrigo-mrquez-bb531791\/\",\"https:\/\/x.com\/rooyarzunm\"],\"url\":\"https:\/\/www.tecnicosenlinea.cl\/blog\/author\/rodrigo\/\"}]}<\/script>\n<!-- \/ Yoast SEO plugin. -->","yoast_head_json":{"title":"CA\u00cdDA DE MICROSOFT AFECTA A COMPA\u00d1\u00cdAS A NIVEL MUNDIAL","robots":{"index":"index","follow":"follow","max-snippet":"max-snippet:-1","max-image-preview":"max-image-preview:large","max-video-preview":"max-video-preview:-1"},"canonical":"https:\/\/www.tecnicosenlinea.cl\/blog\/caida-de-microsoft-afecta-a-companias-a-nivel-mundial\/","og_locale":"es_ES","og_type":"article","og_title":"CA\u00cdDA DE MICROSOFT AFECTA A COMPA\u00d1\u00cdAS A NIVEL MUNDIAL","og_description":"El 19 de julio de 2024, un fallo en los servicios de Microsoft Azure caus\u00f3 una interrupci\u00f3n significativa que afect\u00f3 a numerosas empresas en todo el mundo. Este incidente se &hellip; Leer m\u00e1s","og_url":"https:\/\/www.tecnicosenlinea.cl\/blog\/caida-de-microsoft-afecta-a-companias-a-nivel-mundial\/","og_site_name":"Tecnicosenlinea.cl","article_publisher":"https:\/\/www.facebook.com\/royarzunm","article_author":"https:\/\/www.facebook.com\/royarzunm","article_published_time":"2024-07-19T13:31:13+00:00","og_image":[{"width":1280,"height":720,"url":"https:\/\/www.tecnicosenlinea.cl\/blog\/wp-content\/uploads\/2024\/07\/MS_azure.jpeg","type":"image\/jpeg"}],"author":"Rodrigo Oyarz\u00fan","twitter_card":"summary_large_image","twitter_creator":"@rooyarzunm","twitter_site":"@rooyarzunm","twitter_misc":{"Escrito por":"Rodrigo Oyarz\u00fan","Tiempo de lectura":"2 minutos"},"schema":{"@context":"https:\/\/schema.org","@graph":[{"@type":"Article","@id":"https:\/\/www.tecnicosenlinea.cl\/blog\/caida-de-microsoft-afecta-a-companias-a-nivel-mundial\/#article","isPartOf":{"@id":"https:\/\/www.tecnicosenlinea.cl\/blog\/caida-de-microsoft-afecta-a-companias-a-nivel-mundial\/"},"author":{"name":"Rodrigo Oyarz\u00fan","@id":"https:\/\/www.tecnicosenlinea.cl\/blog\/#\/schema\/person\/8783436f650aae99ed2a6edb66eda9dd"},"headline":"CA\u00cdDA DE MICROSOFT AFECTA A COMPA\u00d1\u00cdAS A NIVEL MUNDIAL","datePublished":"2024-07-19T13:31:13+00:00","mainEntityOfPage":{"@id":"https:\/\/www.tecnicosenlinea.cl\/blog\/caida-de-microsoft-afecta-a-companias-a-nivel-mundial\/"},"wordCount":270,"publisher":{"@id":"https:\/\/www.tecnicosenlinea.cl\/blog\/#\/schema\/person\/8783436f650aae99ed2a6edb66eda9dd"},"image":{"@id":"https:\/\/www.tecnicosenlinea.cl\/blog\/caida-de-microsoft-afecta-a-companias-a-nivel-mundial\/#primaryimage"},"thumbnailUrl":"https:\/\/www.tecnicosenlinea.cl\/blog\/wp-content\/uploads\/2024\/07\/MS_azure.jpeg","keywords":["ACTUALIZACION MICROSOFT","AEROPUERTOS","AZURE","BANCOS","CAIDA MUNDIAL","ciberseguridad","CROWDSTRIKE","MICROSOFT","SERVICIOS"],"articleSection":["Noticias","Tecnolog\u00eda"],"inLanguage":"es"},{"@type":"WebPage","@id":"https:\/\/www.tecnicosenlinea.cl\/blog\/caida-de-microsoft-afecta-a-companias-a-nivel-mundial\/","url":"https:\/\/www.tecnicosenlinea.cl\/blog\/caida-de-microsoft-afecta-a-companias-a-nivel-mundial\/","name":"CA\u00cdDA DE MICROSOFT AFECTA A COMPA\u00d1\u00cdAS A NIVEL MUNDIAL","isPartOf":{"@id":"https:\/\/www.tecnicosenlinea.cl\/blog\/#website"},"primaryImageOfPage":{"@id":"https:\/\/www.tecnicosenlinea.cl\/blog\/caida-de-microsoft-afecta-a-companias-a-nivel-mundial\/#primaryimage"},"image":{"@id":"https:\/\/www.tecnicosenlinea.cl\/blog\/caida-de-microsoft-afecta-a-companias-a-nivel-mundial\/#primaryimage"},"thumbnailUrl":"https:\/\/www.tecnicosenlinea.cl\/blog\/wp-content\/uploads\/2024\/07\/MS_azure.jpeg","datePublished":"2024-07-19T13:31:13+00:00","breadcrumb":{"@id":"https:\/\/www.tecnicosenlinea.cl\/blog\/caida-de-microsoft-afecta-a-companias-a-nivel-mundial\/#breadcrumb"},"inLanguage":"es","potentialAction":[{"@type":"ReadAction","target":["https:\/\/www.tecnicosenlinea.cl\/blog\/caida-de-microsoft-afecta-a-companias-a-nivel-mundial\/"]}]},{"@type":"ImageObject","inLanguage":"es","@id":"https:\/\/www.tecnicosenlinea.cl\/blog\/caida-de-microsoft-afecta-a-companias-a-nivel-mundial\/#primaryimage","url":"https:\/\/www.tecnicosenlinea.cl\/blog\/wp-content\/uploads\/2024\/07\/MS_azure.jpeg","contentUrl":"https:\/\/www.tecnicosenlinea.cl\/blog\/wp-content\/uploads\/2024\/07\/MS_azure.jpeg","width":1280,"height":720},{"@type":"BreadcrumbList","@id":"https:\/\/www.tecnicosenlinea.cl\/blog\/caida-de-microsoft-afecta-a-companias-a-nivel-mundial\/#breadcrumb","itemListElement":[{"@type":"ListItem","position":1,"name":"Portada","item":"https:\/\/www.tecnicosenlinea.cl\/blog\/"},{"@type":"ListItem","position":2,"name":"CA\u00cdDA DE MICROSOFT AFECTA A COMPA\u00d1\u00cdAS A NIVEL MUNDIAL"}]},{"@type":"WebSite","@id":"https:\/\/www.tecnicosenlinea.cl\/blog\/#website","url":"https:\/\/www.tecnicosenlinea.cl\/blog\/","name":"Tecnicosenlinea.cl","description":"Softwares Gratis - Antivirus - AntiMalwares -  Seguridad en Redes - Descargas - Cms  - Dvr - Tutoriales","publisher":{"@id":"https:\/\/www.tecnicosenlinea.cl\/blog\/#\/schema\/person\/8783436f650aae99ed2a6edb66eda9dd"},"potentialAction":[{"@type":"SearchAction","target":{"@type":"EntryPoint","urlTemplate":"https:\/\/www.tecnicosenlinea.cl\/blog\/?s={search_term_string}"},"query-input":{"@type":"PropertyValueSpecification","valueRequired":true,"valueName":"search_term_string"}}],"inLanguage":"es"},{"@type":["Person","Organization"],"@id":"https:\/\/www.tecnicosenlinea.cl\/blog\/#\/schema\/person\/8783436f650aae99ed2a6edb66eda9dd","name":"Rodrigo Oyarz\u00fan","image":{"@type":"ImageObject","inLanguage":"es","@id":"https:\/\/www.tecnicosenlinea.cl\/blog\/#\/schema\/person\/image\/","url":"https:\/\/www.tecnicosenlinea.cl\/blog\/wp-content\/uploads\/2019\/01\/LOGO.png","contentUrl":"https:\/\/www.tecnicosenlinea.cl\/blog\/wp-content\/uploads\/2019\/01\/LOGO.png","width":602,"height":184,"caption":"Rodrigo Oyarz\u00fan"},"logo":{"@id":"https:\/\/www.tecnicosenlinea.cl\/blog\/#\/schema\/person\/image\/"},"sameAs":["http:\/\/www.server-chile.net","https:\/\/www.facebook.com\/royarzunm","https:\/\/www.instagram.com\/royarzunm\/","https:\/\/www.linkedin.com\/in\/rodrigo-mrquez-bb531791\/","https:\/\/x.com\/rooyarzunm"],"url":"https:\/\/www.tecnicosenlinea.cl\/blog\/author\/rodrigo\/"}]}},"_links":{"self":[{"href":"https:\/\/www.tecnicosenlinea.cl\/blog\/wp-json\/wp\/v2\/posts\/1009","targetHints":{"allow":["GET"]}}],"collection":[{"href":"https:\/\/www.tecnicosenlinea.cl\/blog\/wp-json\/wp\/v2\/posts"}],"about":[{"href":"https:\/\/www.tecnicosenlinea.cl\/blog\/wp-json\/wp\/v2\/types\/post"}],"author":[{"embeddable":true,"href":"https:\/\/www.tecnicosenlinea.cl\/blog\/wp-json\/wp\/v2\/users\/1"}],"replies":[{"embeddable":true,"href":"https:\/\/www.tecnicosenlinea.cl\/blog\/wp-json\/wp\/v2\/comments?post=1009"}],"version-history":[{"count":0,"href":"https:\/\/www.tecnicosenlinea.cl\/blog\/wp-json\/wp\/v2\/posts\/1009\/revisions"}],"wp:featuredmedia":[{"embeddable":true,"href":"https:\/\/www.tecnicosenlinea.cl\/blog\/wp-json\/wp\/v2\/media\/1010"}],"wp:attachment":[{"href":"https:\/\/www.tecnicosenlinea.cl\/blog\/wp-json\/wp\/v2\/media?parent=1009"}],"wp:term":[{"taxonomy":"category","embeddable":true,"href":"https:\/\/www.tecnicosenlinea.cl\/blog\/wp-json\/wp\/v2\/categories?post=1009"},{"taxonomy":"post_tag","embeddable":true,"href":"https:\/\/www.tecnicosenlinea.cl\/blog\/wp-json\/wp\/v2\/tags?post=1009"}],"curies":[{"name":"wp","href":"https:\/\/api.w.org\/{rel}","templated":true}]}}